{"id":11182,"date":"2025-09-04T16:52:52","date_gmt":"2025-09-04T16:52:52","guid":{"rendered":"https:\/\/swpro.org\/portfoliodemo\/2025\/09\/04\/l-industrie-automobile-mondiale-amorce-une-mutation-profonde-impulsee-par-la-necessite-d-atteindre\/"},"modified":"2025-09-04T16:52:52","modified_gmt":"2025-09-04T16:52:52","slug":"l-industrie-automobile-mondiale-amorce-une-mutation-profonde-impulsee-par-la-necessite-d-atteindre","status":"publish","type":"post","link":"https:\/\/swpro.org\/portfoliodemo\/2025\/09\/04\/l-industrie-automobile-mondiale-amorce-une-mutation-profonde-impulsee-par-la-necessite-d-atteindre\/","title":{"rendered":"L&#8217;industrie automobile mondiale amorce une mutation profonde, impuls\u00e9e par la n\u00e9cessit\u00e9 d&#8217;atteindre"},"content":{"rendered":"<div class=\"content\">\n<h2>Introduction : La Transition \u00c9lectronique dans le Segment Premium<\/h2>\n<p>\nL&#8217;industrie automobile mondiale amorce une mutation profonde, impuls\u00e9e par la n\u00e9cessit\u00e9 d&#8217;atteindre des objectifs climatiques ambitieux et par le progr\u00e8s technologique acc\u00e9l\u00e9r\u00e9. Si l&#8217;\u00e9lectrification s&#8217;impose d\u00e9sormais en tant que standard, le segment du luxe s&#8217;inscrit comme un terrain d\u2019exp\u00e9rimentation privil\u00e9gi\u00e9, combinant performance, innovation et conscience environnementale. La convergence de ces valeurs red\u00e9finit la notion m\u00eame de voiture haut de gamme, faisant \u00e9merger une nouvelle g\u00e9n\u00e9ration de v\u00e9hicules \u00e9lectriques (VE) \u00e0 la fois sophistiqu\u00e9s et respectueux de la plan\u00e8te.\n<\/p>\n<h2>Les D\u00e9fis Strat\u00e9giques dans la Mobilit\u00e9 \u00c9lectrique de Luxe<\/h2>\n<p>\nCe march\u00e9 exige plus que de simples innovations techniques : il requiert une exp\u00e9rience client hors pair, des infrastructures compatibles, et une d\u00e9marche int\u00e9gr\u00e9e de durabilit\u00e9. Par exemple, la gestion de l&#8217;autonomie, la rapidit\u00e9 de charge, et l&#8217;int\u00e9gration d&#8217;\u00e9quipements technologiques avanc\u00e9s sont cruciaux.\n<\/p>\n<p>\nSelon des \u00e9tudes r\u00e9centes, la croissance annuelle du segment des v\u00e9hicules \u00e9lectriques premium avoisine les 30 %, soulignant l&#8217;int\u00e9r\u00eat croissant des consommateurs fortun\u00e9s pour une mobilit\u00e9 \u00e0 la fois luxueuse et \u00e9cologique. Cette dynamique oblige les constructeurs \u00e0 repenser leur cha\u00eene de valeur, de la conception \u00e0 la livraison, avec une importance accrue apport\u00e9e au respect environnemental.\n<\/p>\n<h2>Polestar : Une Vision Innovante de l&#8217;\u00c9lectromobilit\u00e9 Haute Performance<\/h2>\n<p>\nParmi les acteurs de cette nouvelle \u00e8re, <a href=\"https:\/\/www.polestar-fr.fr\/\">www.polestar-fr.fr<\/a> appara\u00eet comme une r\u00e9f\u00e9rence incontournable. La marque su\u00e9doise, filiale de Volvo Cars, incarne une vision claire : transformer la mobilit\u00e9 \u00e9lectrique en une exp\u00e9rience premium, alliant design scandinave, performance et durabilit\u00e9. L&#8217;histoire de Polestar est marqu\u00e9e par une approche radicale en mati\u00e8re d&#8217;innovation, representative d&#8217;une rupture avec l&#8217;industrie automobile traditionnelle.\n<\/p>\n<h3>Une Expertise Technique et Dirigeante<\/h3>\n<p>\nLes v\u00e9hicules de Polestar se distinguent par leur architecture \u00e9lectrique modulaire, leur puissance impressionnante, et leur capacit\u00e9 d&#8217;int\u00e9grer les avanc\u00e9es technologiques telles que la conduite autonome et la connectivit\u00e9. Leur derni\u00e8re gamme, notamment la Polestar 2, illustre parfaitement cette ambition : autonomie, acc\u00e9l\u00e9rations fulgurantes, et une interface utilisateur sophistiqu\u00e9e, soutenue par un souci d&#8217;efficacit\u00e9 \u00e9nerg\u00e9tique et de r\u00e9duction des \u00e9missions.\n<\/p>\n<h2>Les Initiatives \u00c9coresponsables de Polestar<\/h2>\n<table>\n<tr>\n<th>Crit\u00e8re<\/th>\n<th>D\u00e9tails<\/th>\n<\/tr>\n<tr>\n<td>Mat\u00e9riaux durables<\/td>\n<td>Utilisation de mat\u00e9riaux recycl\u00e9s et biod\u00e9gradables dans l&#8217;habitacle<\/td>\n<\/tr>\n<tr>\n<td>Production carboneutre<\/td>\n<td>Fabrication certifi\u00e9e z\u00e9ro \u00e9mission gr\u00e2ce \u00e0 l&#8217;\u00e9nergie renouvelable<\/td>\n<\/tr>\n<tr>\n<td>Cycle de vie du v\u00e9hicule<\/td>\n<td>Strat\u00e9gies de recyclage et de r\u00e9utilisation des batteries<\/td>\n<\/tr>\n<tr>\n<td>Innovation<\/td>\n<td>D\u00e9veloppement de la norme \u00ab\u00a0Made to Last\u00a0\u00bb pour une durabilit\u00e9 accrue<\/td>\n<\/tr>\n<\/table>\n<h2>Le R\u00f4le de l&#8217;Innovation Technologique dans la R\u00e9volution \u00c9lectrique<\/h2>\n<ul>\n<li><strong>Autonomie am\u00e9lior\u00e9e :<\/strong> Polestar travaille \u00e0 \u00e9tendre la port\u00e9e de ses batteries, r\u00e9pondant \u00e0 une demande croissante de v\u00e9hicules capables de parcourir plus de 500 km sans recharge.<\/li>\n<li><strong>Recharge ultra-rapide :<\/strong> La capacit\u00e9 \u00e0 recharger 80% en moins de 30 minutes r\u00e9pond aux d\u00e9fis logistiques et \u00e0 la n\u00e9cessit\u00e9 d\u2019une utilisation pratique.<\/li>\n<li><strong>Syst\u00e8mes d\u2019aide \u00e0 la conduite :<\/strong> La conduite autonome de niveau 3 en phase de test renforce la s\u00e9curit\u00e9 et la commodit\u00e9 de la mobilit\u00e9 \u00e9lectrique premium.<\/li>\n<\/ul>\n<h2>Perspectives Futuristes : Vers une Mobilit\u00e9 Haute de Gamme, \u00c9coresponsable &amp; Connect\u00e9e<\/h2>\n<p>\nEn int\u00e9grant ces \u00e9l\u00e9ments, la vision de Polestar et d\u2019autres pionniers du secteur \u00e9volue vers une mobilit\u00e9 qui ne sacrifie pas le luxe au profit de la durabilit\u00e9. La collaboration avec des fournisseurs de technologies avanc\u00e9es et le d\u00e9ploiement de r\u00e9seaux de recharge intelligents repr\u00e9senteront les cl\u00e9s de cette transformation.\n<\/p>\n<p>\nLe d\u00e9veloppement durable ne doit pas \u00eatre per\u00e7u comme une contrainte, mais comme une opportunit\u00e9 pour red\u00e9finir la qualit\u00e9 et la performance du luxe automobile. La transparence, la tra\u00e7abilit\u00e9, et l\u2019engagement dans des initiatives \u00e9coresponsables assureront la cr\u00e9dibilit\u00e9 et l\u2019attractivit\u00e9 de ces marques dans un march\u00e9 de plus en plus exigeant.\n<\/p>\n<h2>Conclusion : Une \u00c9volution \u00c9thique et Technologique<\/h2>\n<p>\nL\u2019alliance entre innovation technologique, design sophistiqu\u00e9 et conscience environnementale constitue la nouvelle norme du v\u00e9hicule \u00e9lectrique haut de gamme. En s\u2019appuyant sur des acteurs comme www.polestar-fr.fr, l\u2019industrie montre une voie claire : celle d\u2019un avenir o\u00f9 la performance n\u2019est plus antagoniste de la durabilit\u00e9, mais en parfaite harmonie. La trajectoire de cette r\u00e9volution promet de red\u00e9finir nos attentes vis-\u00e0-vis de la mobilit\u00e9 de luxe, pour un avenir plus vert et plus sophistiqu\u00e9.\n<\/p>\n<\/div>\n","protected":false},"excerpt":{"rendered":"<p>Introduction : La Transition \u00c9lectronique dans le Segment Premium L&#8217;industrie automobile mondiale amorce une mutation profonde, impuls\u00e9e par la n\u00e9cessit\u00e9 d&#8217;atteindre des objectifs climatiques ambitieux et par le progr\u00e8s technologique acc\u00e9l\u00e9r\u00e9. Si l&#8217;\u00e9lectrification s&#8217;impose d\u00e9sormais en tant que standard, le &hellip; <a href=\"https:\/\/swpro.org\/portfoliodemo\/2025\/09\/04\/l-industrie-automobile-mondiale-amorce-une-mutation-profonde-impulsee-par-la-necessite-d-atteindre\/\">Continue reading <span class=\"meta-nav\">&rarr;<\/span><\/a><\/p>\n","protected":false},"author":3,"featured_media":0,"comment_status":"open","ping_status":"open","sticky":false,"template":"","format":"standard","meta":{"_acf_changed":false,"footnotes":"","_links_to":"","_links_to_target":""},"categories":[1],"tags":[],"class_list":["post-11182","post","type-post","status-publish","format-standard","hentry","category-uncategorized"],"acf":[],"_links":{"self":[{"href":"https:\/\/swpro.org\/portfoliodemo\/wp-json\/wp\/v2\/posts\/11182","targetHints":{"allow":["GET"]}}],"collection":[{"href":"https:\/\/swpro.org\/portfoliodemo\/wp-json\/wp\/v2\/posts"}],"about":[{"href":"https:\/\/swpro.org\/portfoliodemo\/wp-json\/wp\/v2\/types\/post"}],"author":[{"embeddable":true,"href":"https:\/\/swpro.org\/portfoliodemo\/wp-json\/wp\/v2\/users\/3"}],"replies":[{"embeddable":true,"href":"https:\/\/swpro.org\/portfoliodemo\/wp-json\/wp\/v2\/comments?post=11182"}],"version-history":[{"count":0,"href":"https:\/\/swpro.org\/portfoliodemo\/wp-json\/wp\/v2\/posts\/11182\/revisions"}],"wp:attachment":[{"href":"https:\/\/swpro.org\/portfoliodemo\/wp-json\/wp\/v2\/media?parent=11182"}],"wp:term":[{"taxonomy":"category","embeddable":true,"href":"https:\/\/swpro.org\/portfoliodemo\/wp-json\/wp\/v2\/categories?post=11182"},{"taxonomy":"post_tag","embeddable":true,"href":"https:\/\/swpro.org\/portfoliodemo\/wp-json\/wp\/v2\/tags?post=11182"}],"curies":[{"name":"wp","href":"https:\/\/api.w.org\/{rel}","templated":true}]}}