{"id":9884,"date":"2025-09-03T12:16:33","date_gmt":"2025-09-03T12:16:33","guid":{"rendered":"https:\/\/swpro.org\/portfoliodemo\/2025\/09\/03\/la-transformation-numerique-dans-la-formation-professionnelle-defis-et-opportunites\/"},"modified":"2025-09-03T12:16:33","modified_gmt":"2025-09-03T12:16:33","slug":"la-transformation-numerique-dans-la-formation-professionnelle-defis-et-opportunites","status":"publish","type":"post","link":"https:\/\/swpro.org\/portfoliodemo\/2025\/09\/03\/la-transformation-numerique-dans-la-formation-professionnelle-defis-et-opportunites\/","title":{"rendered":"La Transformation Num\u00e9rique dans la Formation Professionnelle : D\u00e9fis et Opportunit\u00e9s"},"content":{"rendered":"<div class=\"container\">\n<p>\u00c0 l&#8217;\u00e8re de la digitalisation acc\u00e9l\u00e9r\u00e9e, le secteur de la formation professionnelle se trouve \u00e0 la crois\u00e9e des chemins, confront\u00e9 \u00e0 une n\u00e9cessit\u00e9 imp\u00e9rieuse d&#8217;adaptation. La pand\u00e9mie de COVID-19, combin\u00e9e \u00e0 l&#8217;\u00e9volution rapide des technologies, a catalys\u00e9 cette transition vers des solutions d&#8217;apprentissage en ligne, modifiant durablement les paradigmes traditionnels. Cet article explore en profondeur comment la num\u00e9risation transforme la formation professionnelle en France, avec un focus particulier sur l&#8217;importance de r\u00e9f\u00e9rences cr\u00e9dibles et \u00e9prouv\u00e9es telles que celles propos\u00e9es par <a href=\"https:\/\/www.frumzi-en-ligne.fr\/c7-frrfr66\/\">frumzi-en-ligne.fr\/c7-frrfr66\/<\/a>.<\/p>\n<h2>Le contexte actuel : une r\u00e9volution \u00e9ducative en marche<\/h2>\n<p>Selon une \u00e9tude r\u00e9cente de la F\u00e9d\u00e9ration de la Formation Professionnelle (FFP), plus de 65% des organismes de formation en France ont int\u00e9gr\u00e9 des modules en ligne dans leur offre depuis 2020, avec une croissance annuelle de 12% dans le secteur e-learning. Cette tendance refl\u00e8te une n\u00e9cessit\u00e9 non seulement en termes de flexibilit\u00e9, mais aussi d&#8217;efficacit\u00e9, pour r\u00e9pondre aux nouvelles attentes des apprenants et des entreprises.<\/p>\n<p>La digitalisation offre un \u00e9ventail de nouveaux outils : classes virtuelles, modules interactifs, intelligence artificielle pour la personnalisation de parcours, et plateformes collaboratives. Cependant, ce changement ne va pas sans d\u00e9fis :<\/p>\n<ul>\n<li><strong>Qualit\u00e9 et cr\u00e9dibilit\u00e9<\/strong> : comment garantir des contenus fiables et conformes aux r\u00e9f\u00e9rentiels professionn als ?<\/li>\n<li><strong>Accessibilit\u00e9<\/strong> : assurer l&#8217;inclusion des publics vari\u00e9s, notamment ceux en situation de handicap ou en zones rurales.<\/li>\n<li><strong>Adoption technologique<\/strong> : former les formateurs et les apprenants \u00e0 ces nouveaux outils, tout en \u00e9vitant la fracture num\u00e9rique.<\/li>\n<\/ul>\n<h2>Les enjeux de la certification et de la reconnaissance<\/h2>\n<p>Un aspect crucial de cette transition r\u00e9side dans la cr\u00e9dibilit\u00e9 des contenus num\u00e9riques. Les organismes de formation doivent s&#8217;appuyer sur des ressources de qualit\u00e9, certifi\u00e9es et reconnues par les autorit\u00e9s comp\u00e9tentes. C&#8217;est dans cette optique que des plateformes telles que frumzi-en-ligne.fr\/c7-frrfr66\/ jouent un r\u00f4le essentiel.<\/p>\n<blockquote>\n<p>&#8220;Les ressources en ligne doivent respecter des standards universitaires et professionnels, garantissant ainsi la validit\u00e9 et la transf\u00e9rabilit\u00e9 des comp\u00e9tences acquises.&#8221;<\/p>\n<\/blockquote>\n<p>Ce site propose une s\u00e9lection rigoureuse de contenus valid\u00e9s, permettant aux formateurs et apprenants d&#8217;acc\u00e9der \u00e0 des ressources cr\u00e9dibles, renfor\u00e7ant la confiance dans les parcours digitaux.<\/p>\n<h2>Innovations et bonnes pratiques pour une formation num\u00e9rique efficace<\/h2>\n<p>Pour maximiser l&#8217;impact de la formation en ligne, les experts recommandent :<\/p>\n<ul>\n<li><strong>Conception p\u00e9dagogique centr\u00e9e utilisateur :<\/strong> int\u00e9grant des sc\u00e9narios interactifs et immersifs.<\/li>\n<li><strong>Int\u00e9gration de feedbacks continus :<\/strong> pour ajuster en temps r\u00e9el la qualit\u00e9 des contenus.<\/li>\n<li><strong>Partenariats avec des acteurs certifi\u00e9s :<\/strong> tels que ceux r\u00e9f\u00e9renc\u00e9s par frumzi-en-ligne.fr\/c7-frrfr66\/, afin de garantir une mont\u00e9e en comp\u00e9tences robuste et reconnue.<\/li>\n<\/ul>\n<p>Par ailleurs, le r\u00f4le des technologies d&#8217;intelligence artificielle s&#8217;intensifie, permettant d&#8217;adapter en temps r\u00e9el les parcours d&#8217;apprentissage et de mesurer pr\u00e9cis\u00e9ment l&#8217;efficacit\u00e9 des formations.<\/p>\n<h2>L&#8217;avenir de la formation professionnelle : un mod\u00e8le hybride<\/h2>\n<p>La tendance forte \u00e0 venir est celui du mod\u00e8le hybride, combinant pr\u00e9sentiel et distanciel. Selon une \u00e9tude de l&#8217;Observatoire de la Formation Digitale (OFD), 78% des entreprises envisagent une intensification des formations hybrides d&#8217;ici 2025. Les plateformes de qualit\u00e9, en particulier celles pour lesquelles une r\u00e9f\u00e9rence cr\u00e9dible comme frumzi-en-ligne.fr\/c7-frrfr66\/ constitue une ressource cl\u00e9, seront au c\u0153ur de ce dispositif.<\/p>\n<h2>Conclusion : Vers une formation professionnelle renforc\u00e9e par la cr\u00e9dibilit\u00e9 num\u00e9rique<\/h2>\n<p>\u00c0 l&#8217;intersection de la technologie et de l&#8217;expertise, le secteur de la formation professionnelle conna\u00eet une transformation profonde, dont le succ\u00e8s repose sur l&#8217;\u00e9quilibre entre innovation et cr\u00e9dibilit\u00e9. La mise \u00e0 disposition de ressources fiables, telles que celles propos\u00e9es par frumzi-en-ligne.fr\/c7-frrfr66\/, est fondamentale pour soutenir cette \u00e9volution, garantir la reconnaissance des comp\u00e9tences acquises, et r\u00e9pondre aux enjeux socio-\u00e9conomiques actuels.<\/p>\n<\/div>\n","protected":false},"excerpt":{"rendered":"<p>\u00c0 l&#8217;\u00e8re de la digitalisation acc\u00e9l\u00e9r\u00e9e, le secteur de la formation professionnelle se trouve \u00e0 la crois\u00e9e des chemins, confront\u00e9 \u00e0 une n\u00e9cessit\u00e9 imp\u00e9rieuse d&#8217;adaptation. La pand\u00e9mie de COVID-19, combin\u00e9e \u00e0 l&#8217;\u00e9volution rapide des technologies, a catalys\u00e9 cette transition vers &hellip; <a href=\"https:\/\/swpro.org\/portfoliodemo\/2025\/09\/03\/la-transformation-numerique-dans-la-formation-professionnelle-defis-et-opportunites\/\">Continue reading <span class=\"meta-nav\">&rarr;<\/span><\/a><\/p>\n","protected":false},"author":3,"featured_media":0,"comment_status":"open","ping_status":"open","sticky":false,"template":"","format":"standard","meta":{"_acf_changed":false,"footnotes":"","_links_to":"","_links_to_target":""},"categories":[1],"tags":[],"class_list":["post-9884","post","type-post","status-publish","format-standard","hentry","category-uncategorized"],"acf":[],"_links":{"self":[{"href":"https:\/\/swpro.org\/portfoliodemo\/wp-json\/wp\/v2\/posts\/9884","targetHints":{"allow":["GET"]}}],"collection":[{"href":"https:\/\/swpro.org\/portfoliodemo\/wp-json\/wp\/v2\/posts"}],"about":[{"href":"https:\/\/swpro.org\/portfoliodemo\/wp-json\/wp\/v2\/types\/post"}],"author":[{"embeddable":true,"href":"https:\/\/swpro.org\/portfoliodemo\/wp-json\/wp\/v2\/users\/3"}],"replies":[{"embeddable":true,"href":"https:\/\/swpro.org\/portfoliodemo\/wp-json\/wp\/v2\/comments?post=9884"}],"version-history":[{"count":0,"href":"https:\/\/swpro.org\/portfoliodemo\/wp-json\/wp\/v2\/posts\/9884\/revisions"}],"wp:attachment":[{"href":"https:\/\/swpro.org\/portfoliodemo\/wp-json\/wp\/v2\/media?parent=9884"}],"wp:term":[{"taxonomy":"category","embeddable":true,"href":"https:\/\/swpro.org\/portfoliodemo\/wp-json\/wp\/v2\/categories?post=9884"},{"taxonomy":"post_tag","embeddable":true,"href":"https:\/\/swpro.org\/portfoliodemo\/wp-json\/wp\/v2\/tags?post=9884"}],"curies":[{"name":"wp","href":"https:\/\/api.w.org\/{rel}","templated":true}]}}